{"id":859,"date":"2013-08-30T22:50:18","date_gmt":"2013-08-30T20:50:18","guid":{"rendered":"http:\/\/www.petitouinouin.com\/?p=859"},"modified":"2013-09-03T23:16:26","modified_gmt":"2013-09-03T21:16:26","slug":"lete-avec-vous","status":"publish","type":"post","link":"https:\/\/www.petitouinouin.com\/?p=859","title":{"rendered":"L&rsquo;\u00e9t\u00e9 avec vous"},"content":{"rendered":"<p>Nos 1\u00e8res vacances avec \u00ab\u00a0Blanchette\u00a0\u00bb, notre van (nom trouv\u00e9 par Lili). 2 semaines \u00e0 suivre la c\u00f4te vers le sud, puis l&rsquo;espagne. Pas mal d\u2019arr\u00eats un peu partout. On vous avait promis que vous vous baigneriez chaque jour, et cela a \u00e9t\u00e9 chose faite.<br \/>\nDes vacances chouettes, avec beaucoup de plage, de dodos. 2 excit\u00e9s quand il s&rsquo;agissait de dormir, mais cela me fait sourire maintenant.<\/p>\n<p><img decoding=\"async\" src=\"\/img\/Aout131.jpg\"><br \/><img decoding=\"async\" src=\"\/img\/Aout132.jpg\"><br \/><img decoding=\"async\" src=\"\/img\/Aout133.jpg\"><br \/><img decoding=\"async\" src=\"\/img\/Aout134.jpg\"><br \/><img decoding=\"async\" src=\"\/img\/Aout135.jpg\"><br \/><img decoding=\"async\" src=\"\/img\/Aout136.jpg\"><br \/><img decoding=\"async\" src=\"\/img\/Aout137.jpg\"><br \/><img decoding=\"async\" src=\"\/img\/Aout138.jpg\"><br \/><img decoding=\"async\" src=\"\/img\/Aout139.jpg\"><br \/><img decoding=\"async\" src=\"\/img\/Aout1310.jpg\"><br \/><img decoding=\"async\" src=\"\/img\/Aout1311.jpg\"><br \/><img decoding=\"async\" src=\"\/img\/Aout1312.jpg\"><br \/><img decoding=\"async\" src=\"\/img\/Aout1313.jpg\"><br \/><img decoding=\"async\" src=\"\/img\/Aout1314.jpg\"><br \/><img decoding=\"async\" src=\"\/img\/Aout1315.jpg\"><br \/><img decoding=\"async\" src=\"\/img\/Aout1316.jpg\"><br \/><img decoding=\"async\" src=\"\/img\/Aout1317.jpg\"><br \/><img decoding=\"async\" src=\"\/img\/Aout1318.jpg\"><\/p>\n","protected":false},"excerpt":{"rendered":"<p>Nos 1\u00e8res vacances avec \u00ab\u00a0Blanchette\u00a0\u00bb, notre van (nom trouv\u00e9 par Lili). 2 semaines \u00e0 suivre la c\u00f4te vers le sud, puis l&rsquo;espagne. Pas mal d\u2019arr\u00eats un peu partout. On vous avait promis que vous vous baigneriez chaque jour, et cela a \u00e9t\u00e9 chose faite. Des vacances chouettes, avec beaucoup de plage, de dodos. 2 excit\u00e9s &hellip; <a href=\"https:\/\/www.petitouinouin.com\/?p=859\" class=\"more-link\">Continuer la lecture<span class=\"screen-reader-text\"> de &laquo;&nbsp;L&rsquo;\u00e9t\u00e9 avec vous&nbsp;&raquo;<\/span><\/a><\/p>\n","protected":false},"author":2,"featured_media":0,"comment_status":"open","ping_status":"open","sticky":false,"template":"","format":"standard","meta":[],"categories":[15,14],"tags":[],"_links":{"self":[{"href":"https:\/\/www.petitouinouin.com\/index.php?rest_route=\/wp\/v2\/posts\/859"}],"collection":[{"href":"https:\/\/www.petitouinouin.com\/index.php?rest_route=\/wp\/v2\/posts"}],"about":[{"href":"https:\/\/www.petitouinouin.com\/index.php?rest_route=\/wp\/v2\/types\/post"}],"author":[{"embeddable":true,"href":"https:\/\/www.petitouinouin.com\/index.php?rest_route=\/wp\/v2\/users\/2"}],"replies":[{"embeddable":true,"href":"https:\/\/www.petitouinouin.com\/index.php?rest_route=%2Fwp%2Fv2%2Fcomments&post=859"}],"version-history":[{"count":2,"href":"https:\/\/www.petitouinouin.com\/index.php?rest_route=\/wp\/v2\/posts\/859\/revisions"}],"predecessor-version":[{"id":866,"href":"https:\/\/www.petitouinouin.com\/index.php?rest_route=\/wp\/v2\/posts\/859\/revisions\/866"}],"wp:attachment":[{"href":"https:\/\/www.petitouinouin.com\/index.php?rest_route=%2Fwp%2Fv2%2Fmedia&parent=859"}],"wp:term":[{"taxonomy":"category","embeddable":true,"href":"https:\/\/www.petitouinouin.com\/index.php?rest_route=%2Fwp%2Fv2%2Fcategories&post=859"},{"taxonomy":"post_tag","embeddable":true,"href":"https:\/\/www.petitouinouin.com\/index.php?rest_route=%2Fwp%2Fv2%2Ftags&post=859"}],"curies":[{"name":"wp","href":"https:\/\/api.w.org\/{rel}","templated":true}]}}