{"id":825,"date":"2013-05-30T21:26:10","date_gmt":"2013-05-30T19:26:10","guid":{"rendered":"http:\/\/www.petitouinouin.com\/?p=825"},"modified":"2013-05-30T21:31:57","modified_gmt":"2013-05-30T19:31:57","slug":"la-veille-de-tes-6-ans","status":"publish","type":"post","link":"https:\/\/www.petitouinouin.com\/?p=825","title":{"rendered":"La veille de tes 6 ans"},"content":{"rendered":"<p>Ton anniversaire approche \u00e0 grands pas, c&rsquo;est demain m\u00eame. Alors je te regarde + que d&rsquo;habitude, je pense \u00e0 toi + que d&rsquo;habitude, je me souviens de tonnes de choses avec toi. D\u00e9j\u00e0 un bon moment pass\u00e9 ensemble, m\u00eame si cela ne fait qu&rsquo;un clin d&rsquo;oeil que tu fais partie de notre vie.<br \/>\nJe ne veux pas t\u2019emb\u00eater avec toutes ces choses, joyeuses mais un peu tristes, compr\u00e9hensibles mais des trucs de grands aussi, alors je les marque ici.<br \/>\nA chaque \u00e2ge ses fronti\u00e8res. Pour les 6 ans, ce sont des trucs importants comme l&rsquo;ann\u00e9e du passage en CP, le fait que tu me chantes des tubes qui passent \u00e0 la radio et plus des comptines, ou des trucs b\u00eates comme la case \u00ab\u00a0frais de garde pour les enfants de moins de 6 ans\u00a0\u00bb qui m&rsquo;aurait presque fait pleurer sur la feuille des imp\u00f4ts. Je pense que c&rsquo;est cette case qui m&rsquo;a fait prendre conscience des choses. Le fait que tu allais sauter dans un autre petit monde, celui des \u00ab\u00a0un peu + grands\u00a0\u00bb.<\/p>\n<p>&#8230;<br \/>\nJe suis super impressionn\u00e9 de te voir grandir. Cette semaine, on a eu plusieurs fois des conversations g\u00e9niales tous les 2. Des trucs de grands, o\u00f9 on \u00e9changeait, o\u00f9 je te donnais mon avis, o\u00f9 tu me posais des questions, et j&rsquo;essayais de faire au mieux pour r\u00e9pondre simplement et clairement. <\/p>\n<p>J&rsquo;ai quelques fois l&rsquo;image de toi toute b\u00e9b\u00e9 qui me repasse devant les yeux. Et je me dis \u00e0 chaque fois que c&rsquo;est fou tout \u00e7a quand m\u00eame. Je ne peux souhaiter que la suite de tout \u00e7a.<\/p>\n<p>\u00c7a tombe bien, \u00e7a commence demain.<\/p>\n","protected":false},"excerpt":{"rendered":"<p>Ton anniversaire approche \u00e0 grands pas, c&rsquo;est demain m\u00eame. Alors je te regarde + que d&rsquo;habitude, je pense \u00e0 toi + que d&rsquo;habitude, je me souviens de tonnes de choses avec toi. D\u00e9j\u00e0 un bon moment pass\u00e9 ensemble, m\u00eame si cela ne fait qu&rsquo;un clin d&rsquo;oeil que tu fais partie de notre vie. Je ne &hellip; <a href=\"https:\/\/www.petitouinouin.com\/?p=825\" class=\"more-link\">Continuer la lecture<span class=\"screen-reader-text\"> de &laquo;&nbsp;La veille de tes 6 ans&nbsp;&raquo;<\/span><\/a><\/p>\n","protected":false},"author":2,"featured_media":0,"comment_status":"open","ping_status":"open","sticky":false,"template":"","format":"standard","meta":[],"categories":[15],"tags":[],"_links":{"self":[{"href":"https:\/\/www.petitouinouin.com\/index.php?rest_route=\/wp\/v2\/posts\/825"}],"collection":[{"href":"https:\/\/www.petitouinouin.com\/index.php?rest_route=\/wp\/v2\/posts"}],"about":[{"href":"https:\/\/www.petitouinouin.com\/index.php?rest_route=\/wp\/v2\/types\/post"}],"author":[{"embeddable":true,"href":"https:\/\/www.petitouinouin.com\/index.php?rest_route=\/wp\/v2\/users\/2"}],"replies":[{"embeddable":true,"href":"https:\/\/www.petitouinouin.com\/index.php?rest_route=%2Fwp%2Fv2%2Fcomments&post=825"}],"version-history":[{"count":3,"href":"https:\/\/www.petitouinouin.com\/index.php?rest_route=\/wp\/v2\/posts\/825\/revisions"}],"predecessor-version":[{"id":828,"href":"https:\/\/www.petitouinouin.com\/index.php?rest_route=\/wp\/v2\/posts\/825\/revisions\/828"}],"wp:attachment":[{"href":"https:\/\/www.petitouinouin.com\/index.php?rest_route=%2Fwp%2Fv2%2Fmedia&parent=825"}],"wp:term":[{"taxonomy":"category","embeddable":true,"href":"https:\/\/www.petitouinouin.com\/index.php?rest_route=%2Fwp%2Fv2%2Fcategories&post=825"},{"taxonomy":"post_tag","embeddable":true,"href":"https:\/\/www.petitouinouin.com\/index.php?rest_route=%2Fwp%2Fv2%2Ftags&post=825"}],"curies":[{"name":"wp","href":"https:\/\/api.w.org\/{rel}","templated":true}]}}