{"id":161,"date":"2009-07-21T22:52:58","date_gmt":"2009-07-21T20:52:58","guid":{"rendered":"http:\/\/www.petitouinouin.com\/?p=161"},"modified":"2009-07-21T22:52:58","modified_gmt":"2009-07-21T20:52:58","slug":"a-la-creche-2","status":"publish","type":"post","link":"https:\/\/www.petitouinouin.com\/?p=161","title":{"rendered":"A la cr\u00e8che"},"content":{"rendered":"<p>Je parle peu de la cr\u00e8che, et pourtant tu y passes de bons moments. C&rsquo;\u00e9tait vrai \u00e0 courbevoie, et ca l&rsquo;est d&rsquo;autant plus depuis que tu es ici au bouscat : tu aimes y aller le matin (la plupart du temps), tu cours m\u00eame jusqu&rsquo;\u00e0 la porte des fois. Tu es contente de retrouver tes copains ici : Pierre Wyatt, Bastien, Chlo\u00e9, Luigi, et d&rsquo;autres. Et le soir, tu reviens fatigu\u00e9e d&rsquo;avoir trop jou\u00e9e&#8230;<br \/>\nDepuis peu, quand je te demande le soir ce que tu as fait \u00e0 la cr\u00e8che, tu me baragouines une petite histoire : que tu as jou\u00e9 dans le sable, que pierre wyatt c&rsquo;est un coquin parce qu&rsquo;il a lanc\u00e9 du sable, et ca me fait rire.<\/p>\n<p>A la fin de cette semaine, la cr\u00e8che se termine pour cette ann\u00e9e. Et apr\u00e8s les vacances, tu reprendras l&rsquo;ann\u00e9e chez une assistante maternelle, alors ca te changera un peu. On esp\u00e8re que tu t&rsquo;y sentiras bien.<\/p>\n<p>En attendant, quelques photos de tes moments l\u00e0-bas&#8230;<\/p>\n<p><img decoding=\"async\" src=\"\/img\/creche1.jpg\" alt=\"\" \/><\/p>\n<p><img decoding=\"async\" src=\"\/img\/creche2.jpg\" alt=\"\" \/><\/p>\n<p><img decoding=\"async\" src=\"\/img\/creche3.jpg\" alt=\"\" \/><\/p>\n<p><img decoding=\"async\" src=\"\/img\/creche4.jpg\" alt=\"\" \/><\/p>\n<p><img decoding=\"async\" src=\"\/img\/creche5.jpg\" alt=\"\" \/><\/p>\n<p><img decoding=\"async\" src=\"\/img\/creche6.jpg\" alt=\"\" \/><\/p>\n","protected":false},"excerpt":{"rendered":"<p>Je parle peu de la cr\u00e8che, et pourtant tu y passes de bons moments. C&rsquo;\u00e9tait vrai \u00e0 courbevoie, et ca l&rsquo;est d&rsquo;autant plus depuis que tu es ici au bouscat : tu aimes y aller le matin (la plupart du temps), tu cours m\u00eame jusqu&rsquo;\u00e0 la porte des fois. Tu es contente de retrouver tes &hellip; <a href=\"https:\/\/www.petitouinouin.com\/?p=161\" class=\"more-link\">Continuer la lecture<span class=\"screen-reader-text\"> de &laquo;&nbsp;A la cr\u00e8che&nbsp;&raquo;<\/span><\/a><\/p>\n","protected":false},"author":2,"featured_media":0,"comment_status":"open","ping_status":"open","sticky":false,"template":"","format":"standard","meta":[],"categories":[1],"tags":[],"_links":{"self":[{"href":"https:\/\/www.petitouinouin.com\/index.php?rest_route=\/wp\/v2\/posts\/161"}],"collection":[{"href":"https:\/\/www.petitouinouin.com\/index.php?rest_route=\/wp\/v2\/posts"}],"about":[{"href":"https:\/\/www.petitouinouin.com\/index.php?rest_route=\/wp\/v2\/types\/post"}],"author":[{"embeddable":true,"href":"https:\/\/www.petitouinouin.com\/index.php?rest_route=\/wp\/v2\/users\/2"}],"replies":[{"embeddable":true,"href":"https:\/\/www.petitouinouin.com\/index.php?rest_route=%2Fwp%2Fv2%2Fcomments&post=161"}],"version-history":[{"count":2,"href":"https:\/\/www.petitouinouin.com\/index.php?rest_route=\/wp\/v2\/posts\/161\/revisions"}],"predecessor-version":[{"id":163,"href":"https:\/\/www.petitouinouin.com\/index.php?rest_route=\/wp\/v2\/posts\/161\/revisions\/163"}],"wp:attachment":[{"href":"https:\/\/www.petitouinouin.com\/index.php?rest_route=%2Fwp%2Fv2%2Fmedia&parent=161"}],"wp:term":[{"taxonomy":"category","embeddable":true,"href":"https:\/\/www.petitouinouin.com\/index.php?rest_route=%2Fwp%2Fv2%2Fcategories&post=161"},{"taxonomy":"post_tag","embeddable":true,"href":"https:\/\/www.petitouinouin.com\/index.php?rest_route=%2Fwp%2Fv2%2Ftags&post=161"}],"curies":[{"name":"wp","href":"https:\/\/api.w.org\/{rel}","templated":true}]}}